{"id":1619,"date":"2025-02-28T07:54:40","date_gmt":"2025-02-28T06:54:40","guid":{"rendered":"https:\/\/cpacollection.nicole37.fr\/?p=1619"},"modified":"2025-02-28T07:54:40","modified_gmt":"2025-02-28T06:54:40","slug":"le-havre","status":"publish","type":"post","link":"https:\/\/cpacollection.nicole37.fr\/index.php\/2025\/02\/28\/le-havre\/","title":{"rendered":"LE HAVRE"},"content":{"rendered":"\n<p><strong>Transatlantique  \u00ab\u00a0La Provence.<\/strong> <\/p>\n\n\n\n<p><strong>LE HAVRE <\/strong>:<\/p>\n\n\n\n<p>Le Havre est une commune du nord-ouest de la France situ\u00e9e dans le d\u00e9partement de la Seine-Maritime en r\u00e9gion Normandie. Elle se trouve sur la rive droite de l&rsquo;estuaire de la Seine, au bord de la Manche<\/p>\n\n\n\n<p>Fond\u00e9e le 8 octobre 1517 par Fran\u00e7ois&nbsp;Ier, la ville du Havre est construite sur des marais. C&rsquo;est une cr\u00e9ation relativement r\u00e9cente. Elle connait un fort essor d\u00e9mographique gr\u00e2ce au dynamisme de son port aux xviiie et xixe&nbsp;si\u00e8cles. Les bombardements de 1944marquent une c\u00e9sure importante dans l&rsquo;histoire de la ville et dans l&rsquo;esprit de ses habitants. Aujourd&rsquo;hui, les projets urbains et portuaires se multiplient pour faire face aux d\u00e9fis \u00e9conomiques et sociaux du xxie&nbsp;si\u00e8cle.<\/p>\n\n\n\n<p><em>Le Havre est la commune la plus peupl\u00e9e de Normandie<\/em>\u00a0mais avec 233 414 habitants au dernier recensement de 2019, son unit\u00e9 urbaine est la deuxi\u00e8me agglom\u00e9ration\u00a0&#8230;<\/p>\n\n\n\n<figure class=\"wp-block-image size-large\"><img loading=\"lazy\" decoding=\"async\" width=\"1024\" height=\"640\" src=\"https:\/\/cpacollection.nicole37.fr\/wp-content\/uploads\/2025\/02\/69ED9CB5-8148-479F-A40E-66AC85CBB6AE-1024x640.jpeg\" alt=\"\" class=\"wp-image-1620\" srcset=\"https:\/\/cpacollection.nicole37.fr\/wp-content\/uploads\/2025\/02\/69ED9CB5-8148-479F-A40E-66AC85CBB6AE-1024x640.jpeg 1024w, https:\/\/cpacollection.nicole37.fr\/wp-content\/uploads\/2025\/02\/69ED9CB5-8148-479F-A40E-66AC85CBB6AE-300x187.jpeg 300w, https:\/\/cpacollection.nicole37.fr\/wp-content\/uploads\/2025\/02\/69ED9CB5-8148-479F-A40E-66AC85CBB6AE-768x480.jpeg 768w, https:\/\/cpacollection.nicole37.fr\/wp-content\/uploads\/2025\/02\/69ED9CB5-8148-479F-A40E-66AC85CBB6AE-1536x959.jpeg 1536w, https:\/\/cpacollection.nicole37.fr\/wp-content\/uploads\/2025\/02\/69ED9CB5-8148-479F-A40E-66AC85CBB6AE-2048x1279.jpeg 2048w, https:\/\/cpacollection.nicole37.fr\/wp-content\/uploads\/2025\/02\/69ED9CB5-8148-479F-A40E-66AC85CBB6AE-1200x749.jpeg 1200w\" sizes=\"auto, (max-width: 709px) 85vw, (max-width: 909px) 67vw, (max-width: 1362px) 62vw, 840px\" \/><\/figure>\n\n\n\n<p><br><strong>La Provence<\/strong> est un paquebot transatlantique fran\u00e7ais lanc\u00e9 en 1906 et coul\u00e9 en M\u00e9diterran\u00e9e pendant la Premi\u00e8re Guerre mondiale (en 1916) alors qu&rsquo;il servait de transport de troupes.<br><br><a href=\"https:\/\/fr.m.wikipedia.org\/wiki\/La_Provence_(paquebot_de_1906)\">https:\/\/fr.m.wikipedia.org\/wiki\/La_Provence_(paquebot_de_1906)<\/a><\/p>\n\n\n\n<p><\/p>\n","protected":false},"excerpt":{"rendered":"<p>Transatlantique \u00ab\u00a0La Provence. LE HAVRE : Le Havre est une commune du nord-ouest de la France situ\u00e9e dans le d\u00e9partement de la Seine-Maritime en r\u00e9gion Normandie. Elle se trouve sur la rive droite de l&rsquo;estuaire de la Seine, au bord de la Manche Fond\u00e9e le 8 octobre 1517 par Fran\u00e7ois&nbsp;Ier, la ville du Havre est &hellip; <a href=\"https:\/\/cpacollection.nicole37.fr\/index.php\/2025\/02\/28\/le-havre\/\" class=\"more-link\">Continuer la lecture<span class=\"screen-reader-text\"> de &laquo;&nbsp;LE HAVRE&nbsp;&raquo;<\/span><\/a><\/p>\n","protected":false},"author":1,"featured_media":0,"comment_status":"open","ping_status":"open","sticky":false,"template":"","format":"standard","meta":{"footnotes":""},"categories":[213,214],"tags":[],"class_list":["post-1619","post","type-post","status-publish","format-standard","hentry","category-le-havre","category-seine-maritime"],"_links":{"self":[{"href":"https:\/\/cpacollection.nicole37.fr\/index.php\/wp-json\/wp\/v2\/posts\/1619","targetHints":{"allow":["GET"]}}],"collection":[{"href":"https:\/\/cpacollection.nicole37.fr\/index.php\/wp-json\/wp\/v2\/posts"}],"about":[{"href":"https:\/\/cpacollection.nicole37.fr\/index.php\/wp-json\/wp\/v2\/types\/post"}],"author":[{"embeddable":true,"href":"https:\/\/cpacollection.nicole37.fr\/index.php\/wp-json\/wp\/v2\/users\/1"}],"replies":[{"embeddable":true,"href":"https:\/\/cpacollection.nicole37.fr\/index.php\/wp-json\/wp\/v2\/comments?post=1619"}],"version-history":[{"count":2,"href":"https:\/\/cpacollection.nicole37.fr\/index.php\/wp-json\/wp\/v2\/posts\/1619\/revisions"}],"predecessor-version":[{"id":1630,"href":"https:\/\/cpacollection.nicole37.fr\/index.php\/wp-json\/wp\/v2\/posts\/1619\/revisions\/1630"}],"wp:attachment":[{"href":"https:\/\/cpacollection.nicole37.fr\/index.php\/wp-json\/wp\/v2\/media?parent=1619"}],"wp:term":[{"taxonomy":"category","embeddable":true,"href":"https:\/\/cpacollection.nicole37.fr\/index.php\/wp-json\/wp\/v2\/categories?post=1619"},{"taxonomy":"post_tag","embeddable":true,"href":"https:\/\/cpacollection.nicole37.fr\/index.php\/wp-json\/wp\/v2\/tags?post=1619"}],"curies":[{"name":"wp","href":"https:\/\/api.w.org\/{rel}","templated":true}]}}